{"id":843,"date":"2022-04-03T01:58:10","date_gmt":"2022-04-03T00:58:10","guid":{"rendered":"https:\/\/parafia.faustyna.bialystok.pl\/?p=843"},"modified":"2022-04-03T01:59:37","modified_gmt":"2022-04-03T00:59:37","slug":"rekolekcje-powolaniowe","status":"publish","type":"post","link":"https:\/\/parafia.faustyna.bialystok.pl\/?p=843","title":{"rendered":"Rekolekcje powo\u0142aniowe"},"content":{"rendered":"\n<div class=\"wp-block-image\"><figure class=\"aligncenter size-full\"><img fetchpriority=\"high\" decoding=\"async\" width=\"800\" height=\"533\" src=\"https:\/\/parafia.faustyna.bialystok.pl\/wp-content\/uploads\/2022\/04\/rekolekcje-powolaniowe-01.jpg\" alt=\"\" class=\"wp-image-847\" srcset=\"https:\/\/parafia.faustyna.bialystok.pl\/wp-content\/uploads\/2022\/04\/rekolekcje-powolaniowe-01.jpg 800w, https:\/\/parafia.faustyna.bialystok.pl\/wp-content\/uploads\/2022\/04\/rekolekcje-powolaniowe-01-300x200.jpg 300w, https:\/\/parafia.faustyna.bialystok.pl\/wp-content\/uploads\/2022\/04\/rekolekcje-powolaniowe-01-768x512.jpg 768w, https:\/\/parafia.faustyna.bialystok.pl\/wp-content\/uploads\/2022\/04\/rekolekcje-powolaniowe-01-465x310.jpg 465w, https:\/\/parafia.faustyna.bialystok.pl\/wp-content\/uploads\/2022\/04\/rekolekcje-powolaniowe-01-695x463.jpg 695w\" sizes=\"(max-width: 800px) 100vw, 800px\" \/><\/figure><\/div>\n\n\n\n<h2 class=\"wp-block-heading\">Rekolekcje powo\u0142aniowe w Archidiecezjalnym Wy\u017cszym Seminarium Duchownym w Bia\u0142ymstoku dla m\u0142odzie\u017cy m\u0119skiej w dniach: 22 &#8211; 24 kwietnia 2022 r.<\/h2>\n\n\n\n<p><strong>Niech b\u0119dzie pochwalony Jezus Chrystus!<\/strong><\/p>\n\n\n\n<p>W imieniu Wsp\u00f3lnoty Seminaryjnej zapraszamy na rekolekcje powo\u0142aniowe dla m\u0142odzie\u017cy m\u0119skiej (od 16 roku \u017cycia), kt\u00f3re organizujemy w dniach:&nbsp;<strong>22 &#8211; 24 kwietnia 2022 r.<\/strong><\/p>\n\n\n\n<p>Rekolekcje rozpoczn\u0105 si\u0119 w pi\u0105tek o godz. 16.00, a zako\u0144cz\u0105 si\u0119 w niedziel\u0119 po po\u0142udniu.<\/p>\n\n\n\n<p>We\u017a ze sob\u0105 Pismo \u015awi\u0119te, r\u00f3\u017caniec, notatnik, rzeczy osobiste, ubranie sportowe, \u015bpiw\u00f3r.<\/p>\n\n\n\n<p><strong>Serdecznie zapraszamy!<\/strong><\/p>\n\n\n\n<p>Informacje i zg\u0142oszenia:&nbsp;<a href=\"mailto:bialystok.awsd@gmail.com\">bialystok.awsd@gmail.com<\/a><\/p>\n\n\n\n<p>W zg\u0142oszeniu prosimy poda\u0107 nast\u0119puj\u0105ce informacje:<\/p>\n\n\n\n<p><strong>Imi\u0119 i nazwisko, wiek, parafia, numer kontaktowy.<\/strong><\/p>\n\n\n\n<p>Nasz Facebook:&nbsp;<a href=\"https:\/\/www.facebook.com\/awsdbialystok\">https:\/\/www.facebook.com\/awsdbialystok<\/a><\/p>\n\n\n\n<div class=\"wp-block-image\"><figure class=\"aligncenter size-large\"><img decoding=\"async\" width=\"1024\" height=\"657\" src=\"https:\/\/parafia.faustyna.bialystok.pl\/wp-content\/uploads\/2022\/04\/rekolekcje-powolaniowe-02-1024x657.jpg\" alt=\"\" class=\"wp-image-846\" srcset=\"https:\/\/parafia.faustyna.bialystok.pl\/wp-content\/uploads\/2022\/04\/rekolekcje-powolaniowe-02-1024x657.jpg 1024w, https:\/\/parafia.faustyna.bialystok.pl\/wp-content\/uploads\/2022\/04\/rekolekcje-powolaniowe-02-300x193.jpg 300w, https:\/\/parafia.faustyna.bialystok.pl\/wp-content\/uploads\/2022\/04\/rekolekcje-powolaniowe-02-768x493.jpg 768w, https:\/\/parafia.faustyna.bialystok.pl\/wp-content\/uploads\/2022\/04\/rekolekcje-powolaniowe-02-465x298.jpg 465w, https:\/\/parafia.faustyna.bialystok.pl\/wp-content\/uploads\/2022\/04\/rekolekcje-powolaniowe-02-695x446.jpg 695w, https:\/\/parafia.faustyna.bialystok.pl\/wp-content\/uploads\/2022\/04\/rekolekcje-powolaniowe-02.jpg 1200w\" sizes=\"(max-width: 1024px) 100vw, 1024px\" \/><\/figure><\/div>\n","protected":false},"excerpt":{"rendered":"<p>Rekolekcje powo\u0142aniowe w Archidiecezjalnym Wy\u017cszym Seminarium Duchownym w Bia\u0142ymstoku dla m\u0142odzie\u017cy m\u0119skiej w dniach: 22 &#8211; 24 kwietnia 2022 r. Niech b\u0119dzie pochwalony Jezus Chrystus! W imieniu Wsp\u00f3lnoty Seminaryjnej zapraszamy na rekolekcje powo\u0142aniowe dla m\u0142odzie\u017cy m\u0119skiej (od 16 roku \u017cycia), kt\u00f3re organizujemy w dniach:&nbsp;22 &#8211; 24 kwietnia 2022 r. Rekolekcje<span class=\"more-link\"><a href=\"https:\/\/parafia.faustyna.bialystok.pl\/?p=843\">Czytaj dalej<\/a><\/span><\/p>\n","protected":false},"author":1,"featured_media":845,"comment_status":"open","ping_status":"closed","sticky":false,"template":"","format":"standard","meta":{"footnotes":""},"categories":[3],"tags":[],"class_list":["entry","author-parafia_admin","post-843","post","type-post","status-publish","format-standard","has-post-thumbnail","category-ogloszenia"],"_links":{"self":[{"href":"https:\/\/parafia.faustyna.bialystok.pl\/index.php?rest_route=\/wp\/v2\/posts\/843","targetHints":{"allow":["GET"]}}],"collection":[{"href":"https:\/\/parafia.faustyna.bialystok.pl\/index.php?rest_route=\/wp\/v2\/posts"}],"about":[{"href":"https:\/\/parafia.faustyna.bialystok.pl\/index.php?rest_route=\/wp\/v2\/types\/post"}],"author":[{"embeddable":true,"href":"https:\/\/parafia.faustyna.bialystok.pl\/index.php?rest_route=\/wp\/v2\/users\/1"}],"replies":[{"embeddable":true,"href":"https:\/\/parafia.faustyna.bialystok.pl\/index.php?rest_route=%2Fwp%2Fv2%2Fcomments&post=843"}],"version-history":[{"count":3,"href":"https:\/\/parafia.faustyna.bialystok.pl\/index.php?rest_route=\/wp\/v2\/posts\/843\/revisions"}],"predecessor-version":[{"id":849,"href":"https:\/\/parafia.faustyna.bialystok.pl\/index.php?rest_route=\/wp\/v2\/posts\/843\/revisions\/849"}],"wp:featuredmedia":[{"embeddable":true,"href":"https:\/\/parafia.faustyna.bialystok.pl\/index.php?rest_route=\/wp\/v2\/media\/845"}],"wp:attachment":[{"href":"https:\/\/parafia.faustyna.bialystok.pl\/index.php?rest_route=%2Fwp%2Fv2%2Fmedia&parent=843"}],"wp:term":[{"taxonomy":"category","embeddable":true,"href":"https:\/\/parafia.faustyna.bialystok.pl\/index.php?rest_route=%2Fwp%2Fv2%2Fcategories&post=843"},{"taxonomy":"post_tag","embeddable":true,"href":"https:\/\/parafia.faustyna.bialystok.pl\/index.php?rest_route=%2Fwp%2Fv2%2Ftags&post=843"}],"curies":[{"name":"wp","href":"https:\/\/api.w.org\/{rel}","templated":true}]}}