{"id":862,"date":"2022-04-10T09:07:13","date_gmt":"2022-04-10T08:07:13","guid":{"rendered":"https:\/\/parafia.faustyna.bialystok.pl\/?p=862"},"modified":"2022-04-10T09:07:13","modified_gmt":"2022-04-10T08:07:13","slug":"2022-04-10-niedziela-palmowa","status":"publish","type":"post","link":"https:\/\/parafia.faustyna.bialystok.pl\/?p=862","title":{"rendered":"2022.04.10 \u2013 Niedziela Palmowa"},"content":{"rendered":"\n<ol class=\"wp-block-list\"><li>Dzisiaj po\u015bwi\u0119cenie palm, podczas ka\u017cdej Eucharystii. Serdecznie zapraszamy na Koncert Pie\u015bni Pasyjnych po Mszy o 13.00 i Drog\u0119 Krzy\u017cow\u0105 o godz. 18.30 (spotykamy si\u0119 na bulwarach). Ofiary sk\u0142adane do puszki, przy wyj\u015bciu z ko\u015bcio\u0142a, przeznaczone s\u0105 na kwiaty do Grobu Pa\u0144skiego. <\/li><li>Wydarzenia liturgiczne:<br>&#8211; poniedzia\u0142ek \u2013 ostatnie spotkanie Rekolekcji dla Kobiet<br>&#8211; wtorek \u2013 r\u00f3\u017caniec z Wojownikami Maryi po wieczornej Eucharystii<br>&#8211; \u015broda \u2013 13ty dzie\u0144 miesi\u0105ca; Nabo\u017ce\u0144stwo Fatimskie od godz. 17.00; Msza \u015awi\u0119ta wieczorna sprawowana jest w intencji Czcicieli Mi\u0142osierdzia <\/li><li>Poniedzia\u0142ek, wtorek i \u015broda \u2013 mo\u017cliwo\u015b\u0107 spowiedzi od godz. 17.00.<\/li><li>Kancelaria w tym tygodniu czynna jedynie w poniedzia\u0142ek i wtorek. <\/li><li>Aby lepiej zrozumie\u0107 Triduum Paschalne i prze\u017cy\u0107 je jako swoiste rekolekcje, zach\u0119camy do wzi\u0119cia kopert z duchowym przes\u0142aniem. Znajduj\u0105 si\u0119 one na stoliku pod ch\u00f3rem. Rozwa\u017cania przygotowa\u0142 ks. Kamil D\u0105browski wraz z BSNE. <\/li><li>Triduum Paschalne: <br>&#8211; Wielki Czwartek \u2013 o godz. 9.00 w katedrze bia\u0142ostockiej odb\u0119dzie si\u0119 Msza Krzy\u017cma; Msza Wieczerzy Pa\u0144skiej o godz. 18.00 a nast\u0119pnie adoracja do godz. 22.00<br>&#8211; Wielki Pi\u0105tek \u2013 wznowienie adoracji o godz. 7.00; Ciemna Jutrznia o godz. 9.00; Mo\u017cliwo\u015b\u0107 Spowiedzi od godz. 12.00 do 15.00; Koronka do Bo\u017cego Mi\u0142osierdzia o godz. 15.00; Liturgia M\u0119ki Pa\u0144skiej o godz. 18.00; Adoracja do godz. 22.00; Ofiary, sk\u0142adane przy okazji adoracji Krzy\u017ca b\u0119d\u0105 przeznaczone na utrzymanie Grobu Pa\u0144skiego w Jerozolimie. I Dzie\u0144 Nowenny przed \u015awi\u0119tem Mi\u0142osierdzia Bo\u017cego. Tego dnia obowi\u0105zuje post \u015bcis\u0142y (wstrzemi\u0119\u017aliwo\u015b\u0107 od 14 roku \u017cycia, post \u015bcis\u0142y od 18 do 60 roku \u017cycia). <br>&#8211; Wielka Sobota &#8211; wznowienie adoracji o godz. 7.00; Ciemna Jutrznia o godz. 9.00; \u015awi\u0119cenie pokarm\u00f3w w \u015awi\u0105tyni od 10.00 do 15.00 (o pe\u0142nych godzinach) oraz o 10.00 w Komisie w Kolonii Poros\u0142y i 10.30 w Poros\u0142ach (przy s\u0142oniku); Wigilia Paschalna o godz. 19.00; Adoracja do godz. 24.00.<\/li><li>Zapraszamy lider\u00f3w wsp\u00f3lnot do zapisywania si\u0119 na poszczeg\u00f3lne godziny Adoracji w Triduum Paschalnym. <\/li><li>Niedziela Zmartwychwstania Pa\u0144skiego: Eucharystie o godz. 6.00 (z procesj\u0105), 9.00, 10.30, 12.00 i 13.00. <\/li><li>Poniedzia\u0142ek Wielkanocny: Eucharystie o godz. 9.00, 10.30, 12.00, 13.00. Taca przeznaczona na KUL i Centrum Pastoralno-Katechetyczne w Bia\u0142ymstoku. <\/li><li>Archidiecezjalne Wy\u017csze Seminarium Duchowne w Bia\u0142ymstoku zaprasza na rekolekcje powo\u0142aniowe dla m\u0142odzie\u017cy m\u0119skiej (od 16 roku \u017cycia) organizowane w dniach 22 \u2013 24 kwietnia. Szczeg\u00f3\u0142owe informacje o zg\u0142oszeniach znajduj\u0105 si\u0119 na stronie internetowej Seminarium Duchownego lub na plakacie. <\/li><li>Pozosta\u0142y 4 wolne miejsca na wyjazd do Medjugorie. Osoby zainteresowane zapraszamy do zakrystii. <\/li><li>U Pana Marka mo\u017cna zaopatrzy\u0107 si\u0119 w \u015bwiece wielkanocne oraz Drogi Mi\u0142osierdzia. W zakrystii kolejny numer czasopisma \u201eSta\u015b\u201d.<\/li><\/ol>\n\n\n\n<div class=\"wp-block-image\"><figure class=\"aligncenter size-full\"><img fetchpriority=\"high\" decoding=\"async\" width=\"1080\" height=\"1528\" src=\"https:\/\/parafia.faustyna.bialystok.pl\/wp-content\/uploads\/2022\/04\/wielkitydzien2.jpg\" alt=\"\" class=\"wp-image-864\" srcset=\"https:\/\/parafia.faustyna.bialystok.pl\/wp-content\/uploads\/2022\/04\/wielkitydzien2.jpg 1080w, https:\/\/parafia.faustyna.bialystok.pl\/wp-content\/uploads\/2022\/04\/wielkitydzien2-212x300.jpg 212w, https:\/\/parafia.faustyna.bialystok.pl\/wp-content\/uploads\/2022\/04\/wielkitydzien2-724x1024.jpg 724w, https:\/\/parafia.faustyna.bialystok.pl\/wp-content\/uploads\/2022\/04\/wielkitydzien2-768x1087.jpg 768w, https:\/\/parafia.faustyna.bialystok.pl\/wp-content\/uploads\/2022\/04\/wielkitydzien2-389x550.jpg 389w, https:\/\/parafia.faustyna.bialystok.pl\/wp-content\/uploads\/2022\/04\/wielkitydzien2-353x500.jpg 353w\" sizes=\"(max-width: 1080px) 100vw, 1080px\" \/><\/figure><\/div>\n","protected":false},"excerpt":{"rendered":"<p>Dzisiaj po\u015bwi\u0119cenie palm, podczas ka\u017cdej Eucharystii. Serdecznie zapraszamy na Koncert Pie\u015bni Pasyjnych po Mszy o 13.00 i Drog\u0119 Krzy\u017cow\u0105 o godz. 18.30 (spotykamy si\u0119 na bulwarach). Ofiary sk\u0142adane do puszki, przy wyj\u015bciu z ko\u015bcio\u0142a, przeznaczone s\u0105 na kwiaty do Grobu Pa\u0144skiego. Wydarzenia liturgiczne:&#8211; poniedzia\u0142ek \u2013 ostatnie spotkanie Rekolekcji dla Kobiet&#8211;<span class=\"more-link\"><a href=\"https:\/\/parafia.faustyna.bialystok.pl\/?p=862\">Czytaj dalej<\/a><\/span><\/p>\n","protected":false},"author":1,"featured_media":863,"comment_status":"open","ping_status":"closed","sticky":false,"template":"","format":"standard","meta":{"footnotes":""},"categories":[3],"tags":[],"class_list":["entry","author-parafia_admin","post-862","post","type-post","status-publish","format-standard","has-post-thumbnail","category-ogloszenia"],"_links":{"self":[{"href":"https:\/\/parafia.faustyna.bialystok.pl\/index.php?rest_route=\/wp\/v2\/posts\/862","targetHints":{"allow":["GET"]}}],"collection":[{"href":"https:\/\/parafia.faustyna.bialystok.pl\/index.php?rest_route=\/wp\/v2\/posts"}],"about":[{"href":"https:\/\/parafia.faustyna.bialystok.pl\/index.php?rest_route=\/wp\/v2\/types\/post"}],"author":[{"embeddable":true,"href":"https:\/\/parafia.faustyna.bialystok.pl\/index.php?rest_route=\/wp\/v2\/users\/1"}],"replies":[{"embeddable":true,"href":"https:\/\/parafia.faustyna.bialystok.pl\/index.php?rest_route=%2Fwp%2Fv2%2Fcomments&post=862"}],"version-history":[{"count":2,"href":"https:\/\/parafia.faustyna.bialystok.pl\/index.php?rest_route=\/wp\/v2\/posts\/862\/revisions"}],"predecessor-version":[{"id":866,"href":"https:\/\/parafia.faustyna.bialystok.pl\/index.php?rest_route=\/wp\/v2\/posts\/862\/revisions\/866"}],"wp:featuredmedia":[{"embeddable":true,"href":"https:\/\/parafia.faustyna.bialystok.pl\/index.php?rest_route=\/wp\/v2\/media\/863"}],"wp:attachment":[{"href":"https:\/\/parafia.faustyna.bialystok.pl\/index.php?rest_route=%2Fwp%2Fv2%2Fmedia&parent=862"}],"wp:term":[{"taxonomy":"category","embeddable":true,"href":"https:\/\/parafia.faustyna.bialystok.pl\/index.php?rest_route=%2Fwp%2Fv2%2Fcategories&post=862"},{"taxonomy":"post_tag","embeddable":true,"href":"https:\/\/parafia.faustyna.bialystok.pl\/index.php?rest_route=%2Fwp%2Fv2%2Ftags&post=862"}],"curies":[{"name":"wp","href":"https:\/\/api.w.org\/{rel}","templated":true}]}}